{"id":68508,"date":"2022-07-09T07:03:06","date_gmt":"2022-07-09T07:03:06","guid":{"rendered":"https:\/\/www.inguruabentura.com\/arrigorriagako-mendi-astea-2015\/"},"modified":"2022-07-11T12:38:55","modified_gmt":"2022-07-11T12:38:55","slug":"arrigorriagako-mendi-astea-2015","status":"publish","type":"post","link":"https:\/\/www.inguruabentura.com\/eu\/arrigorriagako-mendi-astea-2015\/","title":{"rendered":"Arrigorriagako Mendi Astea 2015"},"content":{"rendered":"\n<p>Urriaren 28tik azaroaren 4ra Lonbo Aretoak hitzaldi-ziklo bat hartuko du. Alex Txikonen eta Ram\u00f3n Portillaren gisako goi mailako adituak izango dira bertan; gainera, Bolivia, Gorbeia edo Norvegiako Lofoten irlak ere izango ditugu mintzagai.<\/p>\n\n<p>Aurreko urteetan bezala, Padura Mendi Taldeak, Arrigorriagako Udalaren laguntzarekin, Mendi Astea antolatuko du urriaren 28tik azaroaren 4ra bitartean. Goi mailako protagonisten eskutik bost hitzaldi eskainiko dira Lonbo Aretoan 20:00etan.<br\/><br\/>Asteari hasiera emateko, asteazkenean, urriaren 28an, Gerardo Marqu\u00ednezek Bolivia: La Soledad del Altiplano izeneko hitzaldia eskainiko du. Urriaren 29an, ostegunean, I\u00f1aki Garc\u00eda Uriberekin alpinismoari, mendizaletasunari eta gorbeizaletasunari buruz jarduteko txanda helduko da, Gorbeia Arrigorriagan 2015 erakusketari amaiera eman ostean (udaletxeko erakusketa gelan urriaren 9ra arte ikusgai izan duguna).<br\/><br\/>Astelehenean, azaroaren 2an, Ram\u00f3n Portilla eskarmentu handiko mendizalearen txanda helduko da, hainbat zortzi milako igo eta kontinente guztietan gailurrak egin dituena. Portillak bere bizipenak partekatuko ditu Por las monta\u00f1as del mundo izeneko hitzaldian.<br\/><br\/>Hurrengo egunean, azaroaren 3an, Alex Txikon izango dugu Lonbo Aretoko protagonista, egungo euskal mendizaletasunaren ikurretako bat. Nanga Parbaten izandako neguko abenturen berri emango digu. Bertan ezin izan zuen bere helburua lortu, baina Alexek ez du amore eman, izan ere berriki adierazi du abenduan Pakistanera bueltatuko dela, oraindik neguan igo ez diren 8.000 metroko bi gailurretako bat zapaltzeko (bestea K2 mendia da).<br\/><br\/>Javi Torrerirok (@javipozoko) emango dio amaiera aurtengo Mendi Asteari. Al filo de lo impresentable blogaren egileak Norvegiara eramango ditu Lonbo Aretoko entzuleak Descubriendo las islas Lofoten izeneko hitzaldian.<\/p>\n\n<p>LINK: <a href=\"http:\/\/alpinopadura.blogspot.com.es\/\" target=\"_blank\" rel=\"noreferrer noopener\">http:\/\/alpinopadura.blogspot.com.es\/<\/a><\/p>\n\n<figure class=\"wp-block-gallery columns-3 is-cropped wp-block-gallery-1 is-layout-flex wp-block-gallery-is-layout-flex\"><ul class=\"blocks-gallery-grid\"><li class=\"blocks-gallery-item\"><figure><img decoding=\"async\" width=\"600\" height=\"379\" src=\"https:\/\/www.inguruabentura.com\/wp-content\/uploads\/2022\/01\/inguru-arrigorriaga.jpg\" alt=\"Arrigorriagako Mendi Astea 2015\" data-id=\"61038\" data-full-url=\"https:\/\/www.inguruabentura.com\/wp-content\/uploads\/2022\/01\/inguru-arrigorriaga.jpg\" data-link=\"https:\/\/www.inguruabentura.com\/?attachment_id=61038\" class=\"wp-image-61039\" srcset=\"https:\/\/www.inguruabentura.com\/wp-content\/uploads\/2022\/01\/inguru-arrigorriaga.jpg 600w, https:\/\/www.inguruabentura.com\/wp-content\/uploads\/2022\/01\/inguru-arrigorriaga-300x190.jpg 300w\" sizes=\"(max-width: 600px) 100vw, 600px\" \/><\/figure><\/li><li class=\"blocks-gallery-item\"><figure><img decoding=\"async\" width=\"600\" height=\"379\" src=\"https:\/\/www.inguruabentura.com\/wp-content\/uploads\/2022\/01\/inguru-abentura-mendi-astea-arrigorriaga.jpg\" alt=\"Arrigorriagako Mendi Astea 2015\" data-id=\"61034\" data-full-url=\"https:\/\/www.inguruabentura.com\/wp-content\/uploads\/2022\/01\/inguru-abentura-mendi-astea-arrigorriaga.jpg\" data-link=\"https:\/\/www.inguruabentura.com\/?attachment_id=61034\" class=\"wp-image-61035\" srcset=\"https:\/\/www.inguruabentura.com\/wp-content\/uploads\/2022\/01\/inguru-abentura-mendi-astea-arrigorriaga.jpg 600w, https:\/\/www.inguruabentura.com\/wp-content\/uploads\/2022\/01\/inguru-abentura-mendi-astea-arrigorriaga-300x190.jpg 300w\" sizes=\"(max-width: 600px) 100vw, 600px\" \/><\/figure><\/li><li class=\"blocks-gallery-item\"><figure><img decoding=\"async\" width=\"600\" height=\"379\" src=\"https:\/\/www.inguruabentura.com\/wp-content\/uploads\/2022\/01\/padura-mendi-taldea.jpg\" alt=\"Arrigorriagako Mendi Astea 2015\" data-id=\"61030\" data-full-url=\"https:\/\/www.inguruabentura.com\/wp-content\/uploads\/2022\/01\/padura-mendi-taldea.jpg\" data-link=\"https:\/\/www.inguruabentura.com\/?attachment_id=61030\" class=\"wp-image-61031\" srcset=\"https:\/\/www.inguruabentura.com\/wp-content\/uploads\/2022\/01\/padura-mendi-taldea.jpg 600w, https:\/\/www.inguruabentura.com\/wp-content\/uploads\/2022\/01\/padura-mendi-taldea-300x190.jpg 300w\" sizes=\"(max-width: 600px) 100vw, 600px\" \/><\/figure><\/li><\/ul><\/figure>","protected":false},"excerpt":{"rendered":"<p>Urriaren 28tik azaroaren 4ra Lonbo Aretoak hitzaldi-ziklo bat hartuko du. Alex Txikonen eta Ram\u00f3n Portillaren gisako goi mailako adituak izango dira bertan; gainera, Bolivia, Gorbeia edo Norvegiako Lofoten irlak ere izango ditugu mintzagai.<\/p>\n","protected":false},"author":1,"featured_media":61043,"comment_status":"closed","ping_status":"open","sticky":false,"template":"","format":"standard","meta":{"footnotes":""},"categories":[778],"tags":[],"class_list":["post-68508","post","type-post","status-publish","format-standard","has-post-thumbnail","hentry","category-mendi","category-778","description-off"],"yoast_head":"<!-- This site is optimized with the Yoast SEO plugin v27.4 - https:\/\/yoast.com\/product\/yoast-seo-wordpress\/ -->\n<title>Arrigorriagako Mendi Astea 2015 - Inguru Abentura<\/title>\n<meta name=\"description\" content=\"Urriaren 28tik azaroaren 4ra Lonbo Aretoak hitzaldi-ziklo bat hartuko du. Alex Txikonen eta Ram\u00f3n Portillaren gisako goi mailako adituak izango dira bertan; gainera, Bolivia, Gorbeia edo Norvegiako Lofoten irlak ere izango ditugu mintzagai.\" \/>\n<meta name=\"robots\" content=\"index, follow, max-snippet:-1, max-image-preview:large, max-video-preview:-1\" \/>\n<link rel=\"canonical\" href=\"https:\/\/www.inguruabentura.com\/eu\/arrigorriagako-mendi-astea-2015\/\" \/>\n<meta property=\"og:locale\" content=\"eu_ES\" \/>\n<meta property=\"og:type\" content=\"article\" \/>\n<meta property=\"og:title\" content=\"Arrigorriagako Mendi Astea 2015 - Inguru Abentura\" \/>\n<meta property=\"og:description\" content=\"Urriaren 28tik azaroaren 4ra Lonbo Aretoak hitzaldi-ziklo bat hartuko du. Alex Txikonen eta Ram\u00f3n Portillaren gisako goi mailako adituak izango dira bertan; gainera, Bolivia, Gorbeia edo Norvegiako Lofoten irlak ere izango ditugu mintzagai.\" \/>\n<meta property=\"og:url\" content=\"https:\/\/www.inguruabentura.com\/eu\/arrigorriagako-mendi-astea-2015\/\" \/>\n<meta property=\"og:site_name\" content=\"Inguru Abentura\" \/>\n<meta property=\"article:publisher\" content=\"https:\/\/www.facebook.com\/Inguru-Abentura-106922632671188\/\" \/>\n<meta property=\"article:published_time\" content=\"2022-07-09T07:03:06+00:00\" \/>\n<meta property=\"article:modified_time\" content=\"2022-07-11T12:38:55+00:00\" \/>\n<meta property=\"og:image\" content=\"https:\/\/www.inguruabentura.com\/wp-content\/uploads\/2022\/01\/bolivia-arrigorriaga.jpg\" \/>\n\t<meta property=\"og:image:width\" content=\"600\" \/>\n\t<meta property=\"og:image:height\" content=\"379\" \/>\n\t<meta property=\"og:image:type\" content=\"image\/jpeg\" \/>\n<meta name=\"author\" content=\"ad-komunika\" \/>\n<meta name=\"twitter:card\" content=\"summary_large_image\" \/>\n<meta name=\"twitter:creator\" content=\"@inguruabentura\" \/>\n<meta name=\"twitter:site\" content=\"@inguruabentura\" \/>\n<meta name=\"twitter:label1\" content=\"Written by\" \/>\n\t<meta name=\"twitter:data1\" content=\"ad-komunika\" \/>\n\t<meta name=\"twitter:label2\" content=\"Est. reading time\" \/>\n\t<meta name=\"twitter:data2\" content=\"1 minute\" \/>\n<script type=\"application\/ld+json\" class=\"yoast-schema-graph\">{\"@context\":\"https:\\\/\\\/schema.org\",\"@graph\":[{\"@type\":\"Article\",\"@id\":\"https:\\\/\\\/www.inguruabentura.com\\\/eu\\\/arrigorriagako-mendi-astea-2015\\\/#article\",\"isPartOf\":{\"@id\":\"https:\\\/\\\/www.inguruabentura.com\\\/eu\\\/arrigorriagako-mendi-astea-2015\\\/\"},\"author\":{\"name\":\"ad-komunika\",\"@id\":\"https:\\\/\\\/www.inguruabentura.com\\\/eu\\\/#\\\/schema\\\/person\\\/23bfcab79dd379bb810cd89ab0009998\"},\"headline\":\"Arrigorriagako Mendi Astea 2015\",\"datePublished\":\"2022-07-09T07:03:06+00:00\",\"dateModified\":\"2022-07-11T12:38:55+00:00\",\"mainEntityOfPage\":{\"@id\":\"https:\\\/\\\/www.inguruabentura.com\\\/eu\\\/arrigorriagako-mendi-astea-2015\\\/\"},\"wordCount\":245,\"publisher\":{\"@id\":\"https:\\\/\\\/www.inguruabentura.com\\\/eu\\\/#organization\"},\"image\":{\"@id\":\"https:\\\/\\\/www.inguruabentura.com\\\/eu\\\/arrigorriagako-mendi-astea-2015\\\/#primaryimage\"},\"thumbnailUrl\":\"https:\\\/\\\/www.inguruabentura.com\\\/wp-content\\\/uploads\\\/2022\\\/01\\\/bolivia-arrigorriaga.jpg\",\"articleSection\":[\"Mendi\"],\"inLanguage\":\"eu-ES\"},{\"@type\":[\"WebPage\",\"ItemPage\"],\"@id\":\"https:\\\/\\\/www.inguruabentura.com\\\/eu\\\/arrigorriagako-mendi-astea-2015\\\/\",\"url\":\"https:\\\/\\\/www.inguruabentura.com\\\/eu\\\/arrigorriagako-mendi-astea-2015\\\/\",\"name\":\"Arrigorriagako Mendi Astea 2015 - Inguru Abentura\",\"isPartOf\":{\"@id\":\"https:\\\/\\\/www.inguruabentura.com\\\/eu\\\/#website\"},\"primaryImageOfPage\":{\"@id\":\"https:\\\/\\\/www.inguruabentura.com\\\/eu\\\/arrigorriagako-mendi-astea-2015\\\/#primaryimage\"},\"image\":{\"@id\":\"https:\\\/\\\/www.inguruabentura.com\\\/eu\\\/arrigorriagako-mendi-astea-2015\\\/#primaryimage\"},\"thumbnailUrl\":\"https:\\\/\\\/www.inguruabentura.com\\\/wp-content\\\/uploads\\\/2022\\\/01\\\/bolivia-arrigorriaga.jpg\",\"datePublished\":\"2022-07-09T07:03:06+00:00\",\"dateModified\":\"2022-07-11T12:38:55+00:00\",\"description\":\"Urriaren 28tik azaroaren 4ra Lonbo Aretoak hitzaldi-ziklo bat hartuko du. Alex Txikonen eta Ram\u00f3n Portillaren gisako goi mailako adituak izango dira bertan; gainera, Bolivia, Gorbeia edo Norvegiako Lofoten irlak ere izango ditugu mintzagai.\",\"breadcrumb\":{\"@id\":\"https:\\\/\\\/www.inguruabentura.com\\\/eu\\\/arrigorriagako-mendi-astea-2015\\\/#breadcrumb\"},\"inLanguage\":\"eu-ES\",\"potentialAction\":[{\"@type\":\"ReadAction\",\"target\":[\"https:\\\/\\\/www.inguruabentura.com\\\/eu\\\/arrigorriagako-mendi-astea-2015\\\/\"]}]},{\"@type\":\"ImageObject\",\"inLanguage\":\"eu-ES\",\"@id\":\"https:\\\/\\\/www.inguruabentura.com\\\/eu\\\/arrigorriagako-mendi-astea-2015\\\/#primaryimage\",\"url\":\"https:\\\/\\\/www.inguruabentura.com\\\/wp-content\\\/uploads\\\/2022\\\/01\\\/bolivia-arrigorriaga.jpg\",\"contentUrl\":\"https:\\\/\\\/www.inguruabentura.com\\\/wp-content\\\/uploads\\\/2022\\\/01\\\/bolivia-arrigorriaga.jpg\",\"width\":600,\"height\":379,\"caption\":\"bolivia-arrigorriaga\"},{\"@type\":\"BreadcrumbList\",\"@id\":\"https:\\\/\\\/www.inguruabentura.com\\\/eu\\\/arrigorriagako-mendi-astea-2015\\\/#breadcrumb\",\"itemListElement\":[{\"@type\":\"ListItem\",\"position\":1,\"name\":\"Portada\",\"item\":\"https:\\\/\\\/www.inguruabentura.com\\\/eu\\\/\"},{\"@type\":\"ListItem\",\"position\":2,\"name\":\"Arrigorriagako Mendi Astea 2015\"}]},{\"@type\":\"WebSite\",\"@id\":\"https:\\\/\\\/www.inguruabentura.com\\\/eu\\\/#website\",\"url\":\"https:\\\/\\\/www.inguruabentura.com\\\/eu\\\/\",\"name\":\"Inguru Abentura\",\"description\":\"Deportes de Aventura y Turismo Activo en Euskadi\",\"publisher\":{\"@id\":\"https:\\\/\\\/www.inguruabentura.com\\\/eu\\\/#organization\"},\"alternateName\":\"Inguru Abentura\",\"potentialAction\":[{\"@type\":\"SearchAction\",\"target\":{\"@type\":\"EntryPoint\",\"urlTemplate\":\"https:\\\/\\\/www.inguruabentura.com\\\/eu\\\/?s={search_term_string}\"},\"query-input\":{\"@type\":\"PropertyValueSpecification\",\"valueRequired\":true,\"valueName\":\"search_term_string\"}}],\"inLanguage\":\"eu-ES\"},{\"@type\":\"Organization\",\"@id\":\"https:\\\/\\\/www.inguruabentura.com\\\/eu\\\/#organization\",\"name\":\"Inguru Abentura\",\"alternateName\":\"Inguru Abentura\",\"url\":\"https:\\\/\\\/www.inguruabentura.com\\\/eu\\\/\",\"logo\":{\"@type\":\"ImageObject\",\"inLanguage\":\"eu-ES\",\"@id\":\"https:\\\/\\\/www.inguruabentura.com\\\/eu\\\/#\\\/schema\\\/logo\\\/image\\\/\",\"url\":\"https:\\\/\\\/www.inguruabentura.com\\\/wp-content\\\/uploads\\\/2021\\\/05\\\/logo-inguru-retina.png\",\"contentUrl\":\"https:\\\/\\\/www.inguruabentura.com\\\/wp-content\\\/uploads\\\/2021\\\/05\\\/logo-inguru-retina.png\",\"width\":546,\"height\":300,\"caption\":\"Inguru Abentura\"},\"image\":{\"@id\":\"https:\\\/\\\/www.inguruabentura.com\\\/eu\\\/#\\\/schema\\\/logo\\\/image\\\/\"},\"sameAs\":[\"https:\\\/\\\/www.facebook.com\\\/Inguru-Abentura-106922632671188\\\/\",\"https:\\\/\\\/x.com\\\/inguruabentura\",\"https:\\\/\\\/www.instagram.com\\\/cristian_inguru_abentura\\\/\",\"https:\\\/\\\/www.youtube.com\\\/user\\\/InguruAbentura\",\"https:\\\/\\\/www.flickr.com\\\/photos\\\/inguru\\\/\",\"https:\\\/\\\/www.tripadvisor.es\\\/Attraction_Review-g3376952-d7364713-Reviews-Inguru_Abentura-Ermua_Province_of_Vizcaya_Basque_Country.html\"]},{\"@type\":\"Person\",\"@id\":\"https:\\\/\\\/www.inguruabentura.com\\\/eu\\\/#\\\/schema\\\/person\\\/23bfcab79dd379bb810cd89ab0009998\",\"name\":\"ad-komunika\",\"image\":{\"@type\":\"ImageObject\",\"inLanguage\":\"eu-ES\",\"@id\":\"https:\\\/\\\/secure.gravatar.com\\\/avatar\\\/5508f02a177e5d44e49abac615ce7b3220c5a46b4b005cd56ea4e5e426d2a157?s=96&d=mm&r=g\",\"url\":\"https:\\\/\\\/secure.gravatar.com\\\/avatar\\\/5508f02a177e5d44e49abac615ce7b3220c5a46b4b005cd56ea4e5e426d2a157?s=96&d=mm&r=g\",\"contentUrl\":\"https:\\\/\\\/secure.gravatar.com\\\/avatar\\\/5508f02a177e5d44e49abac615ce7b3220c5a46b4b005cd56ea4e5e426d2a157?s=96&d=mm&r=g\",\"caption\":\"ad-komunika\"},\"sameAs\":[\"https:\\\/\\\/www.inguruabentura.com\"]}]}<\/script>\n<!-- \/ Yoast SEO plugin. -->","yoast_head_json":{"title":"Arrigorriagako Mendi Astea 2015 - Inguru Abentura","description":"Urriaren 28tik azaroaren 4ra Lonbo Aretoak hitzaldi-ziklo bat hartuko du. Alex Txikonen eta Ram\u00f3n Portillaren gisako goi mailako adituak izango dira bertan; gainera, Bolivia, Gorbeia edo Norvegiako Lofoten irlak ere izango ditugu mintzagai.","robots":{"index":"index","follow":"follow","max-snippet":"max-snippet:-1","max-image-preview":"max-image-preview:large","max-video-preview":"max-video-preview:-1"},"canonical":"https:\/\/www.inguruabentura.com\/eu\/arrigorriagako-mendi-astea-2015\/","og_locale":"eu_ES","og_type":"article","og_title":"Arrigorriagako Mendi Astea 2015 - Inguru Abentura","og_description":"Urriaren 28tik azaroaren 4ra Lonbo Aretoak hitzaldi-ziklo bat hartuko du. Alex Txikonen eta Ram\u00f3n Portillaren gisako goi mailako adituak izango dira bertan; gainera, Bolivia, Gorbeia edo Norvegiako Lofoten irlak ere izango ditugu mintzagai.","og_url":"https:\/\/www.inguruabentura.com\/eu\/arrigorriagako-mendi-astea-2015\/","og_site_name":"Inguru Abentura","article_publisher":"https:\/\/www.facebook.com\/Inguru-Abentura-106922632671188\/","article_published_time":"2022-07-09T07:03:06+00:00","article_modified_time":"2022-07-11T12:38:55+00:00","og_image":[{"width":600,"height":379,"url":"https:\/\/www.inguruabentura.com\/wp-content\/uploads\/2022\/01\/bolivia-arrigorriaga.jpg","type":"image\/jpeg"}],"author":"ad-komunika","twitter_card":"summary_large_image","twitter_creator":"@inguruabentura","twitter_site":"@inguruabentura","twitter_misc":{"Written by":"ad-komunika","Est. reading time":"1 minute"},"schema":{"@context":"https:\/\/schema.org","@graph":[{"@type":"Article","@id":"https:\/\/www.inguruabentura.com\/eu\/arrigorriagako-mendi-astea-2015\/#article","isPartOf":{"@id":"https:\/\/www.inguruabentura.com\/eu\/arrigorriagako-mendi-astea-2015\/"},"author":{"name":"ad-komunika","@id":"https:\/\/www.inguruabentura.com\/eu\/#\/schema\/person\/23bfcab79dd379bb810cd89ab0009998"},"headline":"Arrigorriagako Mendi Astea 2015","datePublished":"2022-07-09T07:03:06+00:00","dateModified":"2022-07-11T12:38:55+00:00","mainEntityOfPage":{"@id":"https:\/\/www.inguruabentura.com\/eu\/arrigorriagako-mendi-astea-2015\/"},"wordCount":245,"publisher":{"@id":"https:\/\/www.inguruabentura.com\/eu\/#organization"},"image":{"@id":"https:\/\/www.inguruabentura.com\/eu\/arrigorriagako-mendi-astea-2015\/#primaryimage"},"thumbnailUrl":"https:\/\/www.inguruabentura.com\/wp-content\/uploads\/2022\/01\/bolivia-arrigorriaga.jpg","articleSection":["Mendi"],"inLanguage":"eu-ES"},{"@type":["WebPage","ItemPage"],"@id":"https:\/\/www.inguruabentura.com\/eu\/arrigorriagako-mendi-astea-2015\/","url":"https:\/\/www.inguruabentura.com\/eu\/arrigorriagako-mendi-astea-2015\/","name":"Arrigorriagako Mendi Astea 2015 - Inguru Abentura","isPartOf":{"@id":"https:\/\/www.inguruabentura.com\/eu\/#website"},"primaryImageOfPage":{"@id":"https:\/\/www.inguruabentura.com\/eu\/arrigorriagako-mendi-astea-2015\/#primaryimage"},"image":{"@id":"https:\/\/www.inguruabentura.com\/eu\/arrigorriagako-mendi-astea-2015\/#primaryimage"},"thumbnailUrl":"https:\/\/www.inguruabentura.com\/wp-content\/uploads\/2022\/01\/bolivia-arrigorriaga.jpg","datePublished":"2022-07-09T07:03:06+00:00","dateModified":"2022-07-11T12:38:55+00:00","description":"Urriaren 28tik azaroaren 4ra Lonbo Aretoak hitzaldi-ziklo bat hartuko du. Alex Txikonen eta Ram\u00f3n Portillaren gisako goi mailako adituak izango dira bertan; gainera, Bolivia, Gorbeia edo Norvegiako Lofoten irlak ere izango ditugu mintzagai.","breadcrumb":{"@id":"https:\/\/www.inguruabentura.com\/eu\/arrigorriagako-mendi-astea-2015\/#breadcrumb"},"inLanguage":"eu-ES","potentialAction":[{"@type":"ReadAction","target":["https:\/\/www.inguruabentura.com\/eu\/arrigorriagako-mendi-astea-2015\/"]}]},{"@type":"ImageObject","inLanguage":"eu-ES","@id":"https:\/\/www.inguruabentura.com\/eu\/arrigorriagako-mendi-astea-2015\/#primaryimage","url":"https:\/\/www.inguruabentura.com\/wp-content\/uploads\/2022\/01\/bolivia-arrigorriaga.jpg","contentUrl":"https:\/\/www.inguruabentura.com\/wp-content\/uploads\/2022\/01\/bolivia-arrigorriaga.jpg","width":600,"height":379,"caption":"bolivia-arrigorriaga"},{"@type":"BreadcrumbList","@id":"https:\/\/www.inguruabentura.com\/eu\/arrigorriagako-mendi-astea-2015\/#breadcrumb","itemListElement":[{"@type":"ListItem","position":1,"name":"Portada","item":"https:\/\/www.inguruabentura.com\/eu\/"},{"@type":"ListItem","position":2,"name":"Arrigorriagako Mendi Astea 2015"}]},{"@type":"WebSite","@id":"https:\/\/www.inguruabentura.com\/eu\/#website","url":"https:\/\/www.inguruabentura.com\/eu\/","name":"Inguru Abentura","description":"Deportes de Aventura y Turismo Activo en Euskadi","publisher":{"@id":"https:\/\/www.inguruabentura.com\/eu\/#organization"},"alternateName":"Inguru Abentura","potentialAction":[{"@type":"SearchAction","target":{"@type":"EntryPoint","urlTemplate":"https:\/\/www.inguruabentura.com\/eu\/?s={search_term_string}"},"query-input":{"@type":"PropertyValueSpecification","valueRequired":true,"valueName":"search_term_string"}}],"inLanguage":"eu-ES"},{"@type":"Organization","@id":"https:\/\/www.inguruabentura.com\/eu\/#organization","name":"Inguru Abentura","alternateName":"Inguru Abentura","url":"https:\/\/www.inguruabentura.com\/eu\/","logo":{"@type":"ImageObject","inLanguage":"eu-ES","@id":"https:\/\/www.inguruabentura.com\/eu\/#\/schema\/logo\/image\/","url":"https:\/\/www.inguruabentura.com\/wp-content\/uploads\/2021\/05\/logo-inguru-retina.png","contentUrl":"https:\/\/www.inguruabentura.com\/wp-content\/uploads\/2021\/05\/logo-inguru-retina.png","width":546,"height":300,"caption":"Inguru Abentura"},"image":{"@id":"https:\/\/www.inguruabentura.com\/eu\/#\/schema\/logo\/image\/"},"sameAs":["https:\/\/www.facebook.com\/Inguru-Abentura-106922632671188\/","https:\/\/x.com\/inguruabentura","https:\/\/www.instagram.com\/cristian_inguru_abentura\/","https:\/\/www.youtube.com\/user\/InguruAbentura","https:\/\/www.flickr.com\/photos\/inguru\/","https:\/\/www.tripadvisor.es\/Attraction_Review-g3376952-d7364713-Reviews-Inguru_Abentura-Ermua_Province_of_Vizcaya_Basque_Country.html"]},{"@type":"Person","@id":"https:\/\/www.inguruabentura.com\/eu\/#\/schema\/person\/23bfcab79dd379bb810cd89ab0009998","name":"ad-komunika","image":{"@type":"ImageObject","inLanguage":"eu-ES","@id":"https:\/\/secure.gravatar.com\/avatar\/5508f02a177e5d44e49abac615ce7b3220c5a46b4b005cd56ea4e5e426d2a157?s=96&d=mm&r=g","url":"https:\/\/secure.gravatar.com\/avatar\/5508f02a177e5d44e49abac615ce7b3220c5a46b4b005cd56ea4e5e426d2a157?s=96&d=mm&r=g","contentUrl":"https:\/\/secure.gravatar.com\/avatar\/5508f02a177e5d44e49abac615ce7b3220c5a46b4b005cd56ea4e5e426d2a157?s=96&d=mm&r=g","caption":"ad-komunika"},"sameAs":["https:\/\/www.inguruabentura.com"]}]}},"_links":{"self":[{"href":"https:\/\/www.inguruabentura.com\/eu\/wp-json\/wp\/v2\/posts\/68508","targetHints":{"allow":["GET"]}}],"collection":[{"href":"https:\/\/www.inguruabentura.com\/eu\/wp-json\/wp\/v2\/posts"}],"about":[{"href":"https:\/\/www.inguruabentura.com\/eu\/wp-json\/wp\/v2\/types\/post"}],"author":[{"embeddable":true,"href":"https:\/\/www.inguruabentura.com\/eu\/wp-json\/wp\/v2\/users\/1"}],"replies":[{"embeddable":true,"href":"https:\/\/www.inguruabentura.com\/eu\/wp-json\/wp\/v2\/comments?post=68508"}],"version-history":[{"count":0,"href":"https:\/\/www.inguruabentura.com\/eu\/wp-json\/wp\/v2\/posts\/68508\/revisions"}],"wp:featuredmedia":[{"embeddable":true,"href":"https:\/\/www.inguruabentura.com\/eu\/wp-json\/wp\/v2\/media\/61043"}],"wp:attachment":[{"href":"https:\/\/www.inguruabentura.com\/eu\/wp-json\/wp\/v2\/media?parent=68508"}],"wp:term":[{"taxonomy":"category","embeddable":true,"href":"https:\/\/www.inguruabentura.com\/eu\/wp-json\/wp\/v2\/categories?post=68508"},{"taxonomy":"post_tag","embeddable":true,"href":"https:\/\/www.inguruabentura.com\/eu\/wp-json\/wp\/v2\/tags?post=68508"}],"curies":[{"name":"wp","href":"https:\/\/api.w.org\/{rel}","templated":true}]}}