{"id":68520,"date":"2022-07-09T07:11:57","date_gmt":"2022-07-09T07:11:57","guid":{"rendered":"https:\/\/www.inguruabentura.com\/basque-mountains\/"},"modified":"2025-02-18T15:00:22","modified_gmt":"2025-02-18T14:00:22","slug":"basque-mountains","status":"publish","type":"post","link":"https:\/\/www.inguruabentura.com\/fr\/basque-mountains\/","title":{"rendered":"BASQUE MOUNTAINS"},"content":{"rendered":"\n<p>Ce matin Inguru Abentura a assist\u00e9 \u00e0 l&rsquo;inauguration des Montagnes Basques.<\/p>\n\n<p>Le nouveau site Web accueillera des itin\u00e9raires, des concours, des plans, &#8230; et fournira des informations tr\u00e8s int\u00e9ressantes pour conna\u00eetre Euskal Herria. Vous pouvez consulter la page sur le lien ci-dessous.<\/p>\n\n<figure class=\"wp-block-embed is-type-video is-provider-youtube wp-block-embed-youtube wp-embed-aspect-16-9 wp-has-aspect-ratio\"><div class=\"wp-block-embed__wrapper\">\n<iframe title=\"Tu mejor selfie est\u00e1 en Basquemountains.\" width=\"1200\" height=\"675\" src=\"https:\/\/www.youtube.com\/embed\/6ua84H6nScE?feature=oembed\" frameborder=\"0\" allow=\"accelerometer; autoplay; clipboard-write; encrypted-media; gyroscope; picture-in-picture\" allowfullscreen><\/iframe>\n<\/div><\/figure>\n\n<figure class=\"wp-block-gallery columns-3 is-cropped wp-block-gallery-1 is-layout-flex wp-block-gallery-is-layout-flex\"><ul class=\"blocks-gallery-grid\"><li class=\"blocks-gallery-item\"><figure><img decoding=\"async\" width=\"800\" height=\"600\" src=\"https:\/\/www.inguruabentura.com\/wp-content\/uploads\/2022\/01\/basque-mountains4.jpg\" alt=\"\" data-id=\"61049\" data-full-url=\"https:\/\/www.inguruabentura.com\/wp-content\/uploads\/2022\/01\/basque-mountains4.jpg\" data-link=\"https:\/\/www.inguruabentura.com\/?attachment_id=61049\" class=\"wp-image-61052\" srcset=\"https:\/\/www.inguruabentura.com\/wp-content\/uploads\/2022\/01\/basque-mountains4.jpg 800w, https:\/\/www.inguruabentura.com\/wp-content\/uploads\/2022\/01\/basque-mountains4-300x225.jpg 300w, https:\/\/www.inguruabentura.com\/wp-content\/uploads\/2022\/01\/basque-mountains4-768x576.jpg 768w\" sizes=\"(max-width: 800px) 100vw, 800px\" \/><\/figure><\/li><li class=\"blocks-gallery-item\"><figure><img decoding=\"async\" width=\"800\" height=\"600\" src=\"https:\/\/www.inguruabentura.com\/wp-content\/uploads\/2022\/01\/basque-mountains2.jpg\" alt=\"\" data-id=\"61057\" data-full-url=\"https:\/\/www.inguruabentura.com\/wp-content\/uploads\/2022\/01\/basque-mountains2.jpg\" data-link=\"https:\/\/www.inguruabentura.com\/?attachment_id=61057\" class=\"wp-image-61060\" srcset=\"https:\/\/www.inguruabentura.com\/wp-content\/uploads\/2022\/01\/basque-mountains2.jpg 800w, https:\/\/www.inguruabentura.com\/wp-content\/uploads\/2022\/01\/basque-mountains2-300x225.jpg 300w, https:\/\/www.inguruabentura.com\/wp-content\/uploads\/2022\/01\/basque-mountains2-768x576.jpg 768w\" sizes=\"(max-width: 800px) 100vw, 800px\" \/><\/figure><\/li><li class=\"blocks-gallery-item\"><figure><img decoding=\"async\" width=\"800\" height=\"600\" src=\"https:\/\/www.inguruabentura.com\/wp-content\/uploads\/2022\/01\/basque-mountains.jpg\" alt=\"\" data-id=\"61061\" data-full-url=\"https:\/\/www.inguruabentura.com\/wp-content\/uploads\/2022\/01\/basque-mountains.jpg\" data-link=\"https:\/\/www.inguruabentura.com\/?attachment_id=61061\" class=\"wp-image-61064\" srcset=\"https:\/\/www.inguruabentura.com\/wp-content\/uploads\/2022\/01\/basque-mountains.jpg 800w, https:\/\/www.inguruabentura.com\/wp-content\/uploads\/2022\/01\/basque-mountains-300x225.jpg 300w, https:\/\/www.inguruabentura.com\/wp-content\/uploads\/2022\/01\/basque-mountains-768x576.jpg 768w\" sizes=\"(max-width: 800px) 100vw, 800px\" \/><\/figure><\/li><\/ul><\/figure>\n<p>LINK: <a href=\"http:\/\/www.basquemountains.com\" target=\"_blank\" rel=\"noreferrer noopener\">http:\/\/www.basquemountains.com<\/a><\/p>\n","protected":false},"excerpt":{"rendered":"<p> Ce matin Inguru Abentura a assist\u00e9 \u00e0 l&rsquo;inauguration des Montagnes Basques. <\/p>\n","protected":false},"author":1,"featured_media":61056,"comment_status":"closed","ping_status":"open","sticky":false,"template":"","format":"standard","meta":{"footnotes":""},"categories":[780],"tags":[],"class_list":["post-68520","post","type-post","status-publish","format-standard","has-post-thumbnail","hentry","category-montagne","category-780","description-off"],"yoast_head":"<!-- This site is optimized with the Yoast SEO plugin v27.4 - https:\/\/yoast.com\/product\/yoast-seo-wordpress\/ -->\n<title>BASQUE MOUNTAINS - Inguru Abentura<\/title>\n<meta name=\"description\" content=\"Ce matin Inguru Abentura a assist\u00e9 \u00e0 l&#039;inauguration des Montagnes Basques.\" \/>\n<meta name=\"robots\" content=\"index, follow, max-snippet:-1, max-image-preview:large, max-video-preview:-1\" \/>\n<link rel=\"canonical\" href=\"https:\/\/www.inguruabentura.com\/fr\/basque-mountains\/\" \/>\n<meta property=\"og:locale\" content=\"fr_FR\" \/>\n<meta property=\"og:type\" content=\"article\" \/>\n<meta property=\"og:title\" content=\"BASQUE MOUNTAINS - Inguru Abentura\" \/>\n<meta property=\"og:description\" content=\"Ce matin Inguru Abentura a assist\u00e9 \u00e0 l&#039;inauguration des Montagnes Basques.\" \/>\n<meta property=\"og:url\" content=\"https:\/\/www.inguruabentura.com\/fr\/basque-mountains\/\" \/>\n<meta property=\"og:site_name\" content=\"Inguru Abentura\" \/>\n<meta property=\"article:publisher\" content=\"https:\/\/www.facebook.com\/Inguru-Abentura-106922632671188\/\" \/>\n<meta property=\"article:published_time\" content=\"2022-07-09T07:11:57+00:00\" \/>\n<meta property=\"article:modified_time\" content=\"2025-02-18T14:00:22+00:00\" \/>\n<meta property=\"og:image\" content=\"https:\/\/www.inguruabentura.com\/wp-content\/uploads\/2022\/01\/basque-mountains3.jpg\" \/>\n\t<meta property=\"og:image:width\" content=\"800\" \/>\n\t<meta property=\"og:image:height\" content=\"600\" \/>\n\t<meta property=\"og:image:type\" content=\"image\/jpeg\" \/>\n<meta name=\"author\" content=\"ad-komunika\" \/>\n<meta name=\"twitter:card\" content=\"summary_large_image\" \/>\n<meta name=\"twitter:creator\" content=\"@inguruabentura\" \/>\n<meta name=\"twitter:site\" content=\"@inguruabentura\" \/>\n<meta name=\"twitter:label1\" content=\"\u00c9crit par\" \/>\n\t<meta name=\"twitter:data1\" content=\"ad-komunika\" \/>\n\t<meta name=\"twitter:label2\" content=\"Dur\u00e9e de lecture estim\u00e9e\" \/>\n\t<meta name=\"twitter:data2\" content=\"2 minutes\" \/>\n<script type=\"application\/ld+json\" class=\"yoast-schema-graph\">{\"@context\":\"https:\\\/\\\/schema.org\",\"@graph\":[{\"@type\":\"Article\",\"@id\":\"https:\\\/\\\/www.inguruabentura.com\\\/fr\\\/basque-mountains\\\/#article\",\"isPartOf\":{\"@id\":\"https:\\\/\\\/www.inguruabentura.com\\\/fr\\\/basque-mountains\\\/\"},\"author\":{\"name\":\"ad-komunika\",\"@id\":\"https:\\\/\\\/www.inguruabentura.com\\\/fr\\\/#\\\/schema\\\/person\\\/23bfcab79dd379bb810cd89ab0009998\"},\"headline\":\"BASQUE MOUNTAINS\",\"datePublished\":\"2022-07-09T07:11:57+00:00\",\"dateModified\":\"2025-02-18T14:00:22+00:00\",\"mainEntityOfPage\":{\"@id\":\"https:\\\/\\\/www.inguruabentura.com\\\/fr\\\/basque-mountains\\\/\"},\"wordCount\":61,\"publisher\":{\"@id\":\"https:\\\/\\\/www.inguruabentura.com\\\/fr\\\/#organization\"},\"image\":{\"@id\":\"https:\\\/\\\/www.inguruabentura.com\\\/fr\\\/basque-mountains\\\/#primaryimage\"},\"thumbnailUrl\":\"https:\\\/\\\/www.inguruabentura.com\\\/wp-content\\\/uploads\\\/2022\\\/01\\\/basque-mountains3.jpg\",\"articleSection\":[\"Montagne\"],\"inLanguage\":\"fr-FR\"},{\"@type\":[\"WebPage\",\"ItemPage\"],\"@id\":\"https:\\\/\\\/www.inguruabentura.com\\\/fr\\\/basque-mountains\\\/\",\"url\":\"https:\\\/\\\/www.inguruabentura.com\\\/fr\\\/basque-mountains\\\/\",\"name\":\"BASQUE MOUNTAINS - Inguru Abentura\",\"isPartOf\":{\"@id\":\"https:\\\/\\\/www.inguruabentura.com\\\/fr\\\/#website\"},\"primaryImageOfPage\":{\"@id\":\"https:\\\/\\\/www.inguruabentura.com\\\/fr\\\/basque-mountains\\\/#primaryimage\"},\"image\":{\"@id\":\"https:\\\/\\\/www.inguruabentura.com\\\/fr\\\/basque-mountains\\\/#primaryimage\"},\"thumbnailUrl\":\"https:\\\/\\\/www.inguruabentura.com\\\/wp-content\\\/uploads\\\/2022\\\/01\\\/basque-mountains3.jpg\",\"datePublished\":\"2022-07-09T07:11:57+00:00\",\"dateModified\":\"2025-02-18T14:00:22+00:00\",\"description\":\"Ce matin Inguru Abentura a assist\u00e9 \u00e0 l'inauguration des Montagnes Basques.\",\"breadcrumb\":{\"@id\":\"https:\\\/\\\/www.inguruabentura.com\\\/fr\\\/basque-mountains\\\/#breadcrumb\"},\"inLanguage\":\"fr-FR\",\"potentialAction\":[{\"@type\":\"ReadAction\",\"target\":[\"https:\\\/\\\/www.inguruabentura.com\\\/fr\\\/basque-mountains\\\/\"]}]},{\"@type\":\"ImageObject\",\"inLanguage\":\"fr-FR\",\"@id\":\"https:\\\/\\\/www.inguruabentura.com\\\/fr\\\/basque-mountains\\\/#primaryimage\",\"url\":\"https:\\\/\\\/www.inguruabentura.com\\\/wp-content\\\/uploads\\\/2022\\\/01\\\/basque-mountains3.jpg\",\"contentUrl\":\"https:\\\/\\\/www.inguruabentura.com\\\/wp-content\\\/uploads\\\/2022\\\/01\\\/basque-mountains3.jpg\",\"width\":800,\"height\":600},{\"@type\":\"BreadcrumbList\",\"@id\":\"https:\\\/\\\/www.inguruabentura.com\\\/fr\\\/basque-mountains\\\/#breadcrumb\",\"itemListElement\":[{\"@type\":\"ListItem\",\"position\":1,\"name\":\"Portada\",\"item\":\"https:\\\/\\\/www.inguruabentura.com\\\/fr\\\/\"},{\"@type\":\"ListItem\",\"position\":2,\"name\":\"BASQUE MOUNTAINS\"}]},{\"@type\":\"WebSite\",\"@id\":\"https:\\\/\\\/www.inguruabentura.com\\\/fr\\\/#website\",\"url\":\"https:\\\/\\\/www.inguruabentura.com\\\/fr\\\/\",\"name\":\"Inguru Abentura\",\"description\":\"Deportes de Aventura y Turismo Activo en Euskadi\",\"publisher\":{\"@id\":\"https:\\\/\\\/www.inguruabentura.com\\\/fr\\\/#organization\"},\"alternateName\":\"Inguru Abentura\",\"potentialAction\":[{\"@type\":\"SearchAction\",\"target\":{\"@type\":\"EntryPoint\",\"urlTemplate\":\"https:\\\/\\\/www.inguruabentura.com\\\/fr\\\/?s={search_term_string}\"},\"query-input\":{\"@type\":\"PropertyValueSpecification\",\"valueRequired\":true,\"valueName\":\"search_term_string\"}}],\"inLanguage\":\"fr-FR\"},{\"@type\":\"Organization\",\"@id\":\"https:\\\/\\\/www.inguruabentura.com\\\/fr\\\/#organization\",\"name\":\"Inguru Abentura\",\"alternateName\":\"Inguru Abentura\",\"url\":\"https:\\\/\\\/www.inguruabentura.com\\\/fr\\\/\",\"logo\":{\"@type\":\"ImageObject\",\"inLanguage\":\"fr-FR\",\"@id\":\"https:\\\/\\\/www.inguruabentura.com\\\/fr\\\/#\\\/schema\\\/logo\\\/image\\\/\",\"url\":\"https:\\\/\\\/www.inguruabentura.com\\\/wp-content\\\/uploads\\\/2021\\\/05\\\/logo-inguru-retina.png\",\"contentUrl\":\"https:\\\/\\\/www.inguruabentura.com\\\/wp-content\\\/uploads\\\/2021\\\/05\\\/logo-inguru-retina.png\",\"width\":546,\"height\":300,\"caption\":\"Inguru Abentura\"},\"image\":{\"@id\":\"https:\\\/\\\/www.inguruabentura.com\\\/fr\\\/#\\\/schema\\\/logo\\\/image\\\/\"},\"sameAs\":[\"https:\\\/\\\/www.facebook.com\\\/Inguru-Abentura-106922632671188\\\/\",\"https:\\\/\\\/x.com\\\/inguruabentura\",\"https:\\\/\\\/www.instagram.com\\\/cristian_inguru_abentura\\\/\",\"https:\\\/\\\/www.youtube.com\\\/user\\\/InguruAbentura\",\"https:\\\/\\\/www.flickr.com\\\/photos\\\/inguru\\\/\",\"https:\\\/\\\/www.tripadvisor.es\\\/Attraction_Review-g3376952-d7364713-Reviews-Inguru_Abentura-Ermua_Province_of_Vizcaya_Basque_Country.html\"]},{\"@type\":\"Person\",\"@id\":\"https:\\\/\\\/www.inguruabentura.com\\\/fr\\\/#\\\/schema\\\/person\\\/23bfcab79dd379bb810cd89ab0009998\",\"name\":\"ad-komunika\",\"image\":{\"@type\":\"ImageObject\",\"inLanguage\":\"fr-FR\",\"@id\":\"https:\\\/\\\/secure.gravatar.com\\\/avatar\\\/5508f02a177e5d44e49abac615ce7b3220c5a46b4b005cd56ea4e5e426d2a157?s=96&d=mm&r=g\",\"url\":\"https:\\\/\\\/secure.gravatar.com\\\/avatar\\\/5508f02a177e5d44e49abac615ce7b3220c5a46b4b005cd56ea4e5e426d2a157?s=96&d=mm&r=g\",\"contentUrl\":\"https:\\\/\\\/secure.gravatar.com\\\/avatar\\\/5508f02a177e5d44e49abac615ce7b3220c5a46b4b005cd56ea4e5e426d2a157?s=96&d=mm&r=g\",\"caption\":\"ad-komunika\"},\"sameAs\":[\"https:\\\/\\\/www.inguruabentura.com\"]}]}<\/script>\n<!-- \/ Yoast SEO plugin. -->","yoast_head_json":{"title":"BASQUE MOUNTAINS - Inguru Abentura","description":"Ce matin Inguru Abentura a assist\u00e9 \u00e0 l'inauguration des Montagnes Basques.","robots":{"index":"index","follow":"follow","max-snippet":"max-snippet:-1","max-image-preview":"max-image-preview:large","max-video-preview":"max-video-preview:-1"},"canonical":"https:\/\/www.inguruabentura.com\/fr\/basque-mountains\/","og_locale":"fr_FR","og_type":"article","og_title":"BASQUE MOUNTAINS - Inguru Abentura","og_description":"Ce matin Inguru Abentura a assist\u00e9 \u00e0 l'inauguration des Montagnes Basques.","og_url":"https:\/\/www.inguruabentura.com\/fr\/basque-mountains\/","og_site_name":"Inguru Abentura","article_publisher":"https:\/\/www.facebook.com\/Inguru-Abentura-106922632671188\/","article_published_time":"2022-07-09T07:11:57+00:00","article_modified_time":"2025-02-18T14:00:22+00:00","og_image":[{"width":800,"height":600,"url":"https:\/\/www.inguruabentura.com\/wp-content\/uploads\/2022\/01\/basque-mountains3.jpg","type":"image\/jpeg"}],"author":"ad-komunika","twitter_card":"summary_large_image","twitter_creator":"@inguruabentura","twitter_site":"@inguruabentura","twitter_misc":{"\u00c9crit par":"ad-komunika","Dur\u00e9e de lecture estim\u00e9e":"2 minutes"},"schema":{"@context":"https:\/\/schema.org","@graph":[{"@type":"Article","@id":"https:\/\/www.inguruabentura.com\/fr\/basque-mountains\/#article","isPartOf":{"@id":"https:\/\/www.inguruabentura.com\/fr\/basque-mountains\/"},"author":{"name":"ad-komunika","@id":"https:\/\/www.inguruabentura.com\/fr\/#\/schema\/person\/23bfcab79dd379bb810cd89ab0009998"},"headline":"BASQUE MOUNTAINS","datePublished":"2022-07-09T07:11:57+00:00","dateModified":"2025-02-18T14:00:22+00:00","mainEntityOfPage":{"@id":"https:\/\/www.inguruabentura.com\/fr\/basque-mountains\/"},"wordCount":61,"publisher":{"@id":"https:\/\/www.inguruabentura.com\/fr\/#organization"},"image":{"@id":"https:\/\/www.inguruabentura.com\/fr\/basque-mountains\/#primaryimage"},"thumbnailUrl":"https:\/\/www.inguruabentura.com\/wp-content\/uploads\/2022\/01\/basque-mountains3.jpg","articleSection":["Montagne"],"inLanguage":"fr-FR"},{"@type":["WebPage","ItemPage"],"@id":"https:\/\/www.inguruabentura.com\/fr\/basque-mountains\/","url":"https:\/\/www.inguruabentura.com\/fr\/basque-mountains\/","name":"BASQUE MOUNTAINS - Inguru Abentura","isPartOf":{"@id":"https:\/\/www.inguruabentura.com\/fr\/#website"},"primaryImageOfPage":{"@id":"https:\/\/www.inguruabentura.com\/fr\/basque-mountains\/#primaryimage"},"image":{"@id":"https:\/\/www.inguruabentura.com\/fr\/basque-mountains\/#primaryimage"},"thumbnailUrl":"https:\/\/www.inguruabentura.com\/wp-content\/uploads\/2022\/01\/basque-mountains3.jpg","datePublished":"2022-07-09T07:11:57+00:00","dateModified":"2025-02-18T14:00:22+00:00","description":"Ce matin Inguru Abentura a assist\u00e9 \u00e0 l'inauguration des Montagnes Basques.","breadcrumb":{"@id":"https:\/\/www.inguruabentura.com\/fr\/basque-mountains\/#breadcrumb"},"inLanguage":"fr-FR","potentialAction":[{"@type":"ReadAction","target":["https:\/\/www.inguruabentura.com\/fr\/basque-mountains\/"]}]},{"@type":"ImageObject","inLanguage":"fr-FR","@id":"https:\/\/www.inguruabentura.com\/fr\/basque-mountains\/#primaryimage","url":"https:\/\/www.inguruabentura.com\/wp-content\/uploads\/2022\/01\/basque-mountains3.jpg","contentUrl":"https:\/\/www.inguruabentura.com\/wp-content\/uploads\/2022\/01\/basque-mountains3.jpg","width":800,"height":600},{"@type":"BreadcrumbList","@id":"https:\/\/www.inguruabentura.com\/fr\/basque-mountains\/#breadcrumb","itemListElement":[{"@type":"ListItem","position":1,"name":"Portada","item":"https:\/\/www.inguruabentura.com\/fr\/"},{"@type":"ListItem","position":2,"name":"BASQUE MOUNTAINS"}]},{"@type":"WebSite","@id":"https:\/\/www.inguruabentura.com\/fr\/#website","url":"https:\/\/www.inguruabentura.com\/fr\/","name":"Inguru Abentura","description":"Deportes de Aventura y Turismo Activo en Euskadi","publisher":{"@id":"https:\/\/www.inguruabentura.com\/fr\/#organization"},"alternateName":"Inguru Abentura","potentialAction":[{"@type":"SearchAction","target":{"@type":"EntryPoint","urlTemplate":"https:\/\/www.inguruabentura.com\/fr\/?s={search_term_string}"},"query-input":{"@type":"PropertyValueSpecification","valueRequired":true,"valueName":"search_term_string"}}],"inLanguage":"fr-FR"},{"@type":"Organization","@id":"https:\/\/www.inguruabentura.com\/fr\/#organization","name":"Inguru Abentura","alternateName":"Inguru Abentura","url":"https:\/\/www.inguruabentura.com\/fr\/","logo":{"@type":"ImageObject","inLanguage":"fr-FR","@id":"https:\/\/www.inguruabentura.com\/fr\/#\/schema\/logo\/image\/","url":"https:\/\/www.inguruabentura.com\/wp-content\/uploads\/2021\/05\/logo-inguru-retina.png","contentUrl":"https:\/\/www.inguruabentura.com\/wp-content\/uploads\/2021\/05\/logo-inguru-retina.png","width":546,"height":300,"caption":"Inguru Abentura"},"image":{"@id":"https:\/\/www.inguruabentura.com\/fr\/#\/schema\/logo\/image\/"},"sameAs":["https:\/\/www.facebook.com\/Inguru-Abentura-106922632671188\/","https:\/\/x.com\/inguruabentura","https:\/\/www.instagram.com\/cristian_inguru_abentura\/","https:\/\/www.youtube.com\/user\/InguruAbentura","https:\/\/www.flickr.com\/photos\/inguru\/","https:\/\/www.tripadvisor.es\/Attraction_Review-g3376952-d7364713-Reviews-Inguru_Abentura-Ermua_Province_of_Vizcaya_Basque_Country.html"]},{"@type":"Person","@id":"https:\/\/www.inguruabentura.com\/fr\/#\/schema\/person\/23bfcab79dd379bb810cd89ab0009998","name":"ad-komunika","image":{"@type":"ImageObject","inLanguage":"fr-FR","@id":"https:\/\/secure.gravatar.com\/avatar\/5508f02a177e5d44e49abac615ce7b3220c5a46b4b005cd56ea4e5e426d2a157?s=96&d=mm&r=g","url":"https:\/\/secure.gravatar.com\/avatar\/5508f02a177e5d44e49abac615ce7b3220c5a46b4b005cd56ea4e5e426d2a157?s=96&d=mm&r=g","contentUrl":"https:\/\/secure.gravatar.com\/avatar\/5508f02a177e5d44e49abac615ce7b3220c5a46b4b005cd56ea4e5e426d2a157?s=96&d=mm&r=g","caption":"ad-komunika"},"sameAs":["https:\/\/www.inguruabentura.com"]}]}},"_links":{"self":[{"href":"https:\/\/www.inguruabentura.com\/fr\/wp-json\/wp\/v2\/posts\/68520","targetHints":{"allow":["GET"]}}],"collection":[{"href":"https:\/\/www.inguruabentura.com\/fr\/wp-json\/wp\/v2\/posts"}],"about":[{"href":"https:\/\/www.inguruabentura.com\/fr\/wp-json\/wp\/v2\/types\/post"}],"author":[{"embeddable":true,"href":"https:\/\/www.inguruabentura.com\/fr\/wp-json\/wp\/v2\/users\/1"}],"replies":[{"embeddable":true,"href":"https:\/\/www.inguruabentura.com\/fr\/wp-json\/wp\/v2\/comments?post=68520"}],"version-history":[{"count":1,"href":"https:\/\/www.inguruabentura.com\/fr\/wp-json\/wp\/v2\/posts\/68520\/revisions"}],"predecessor-version":[{"id":71066,"href":"https:\/\/www.inguruabentura.com\/fr\/wp-json\/wp\/v2\/posts\/68520\/revisions\/71066"}],"wp:featuredmedia":[{"embeddable":true,"href":"https:\/\/www.inguruabentura.com\/fr\/wp-json\/wp\/v2\/media\/61056"}],"wp:attachment":[{"href":"https:\/\/www.inguruabentura.com\/fr\/wp-json\/wp\/v2\/media?parent=68520"}],"wp:term":[{"taxonomy":"category","embeddable":true,"href":"https:\/\/www.inguruabentura.com\/fr\/wp-json\/wp\/v2\/categories?post=68520"},{"taxonomy":"post_tag","embeddable":true,"href":"https:\/\/www.inguruabentura.com\/fr\/wp-json\/wp\/v2\/tags?post=68520"}],"curies":[{"name":"wp","href":"https:\/\/api.w.org\/{rel}","templated":true}]}}